{"id":476,"date":"2011-09-26T17:06:51","date_gmt":"2011-09-26T17:06:51","guid":{"rendered":"http:\/\/www.ibimperial.org.br\/home\/?p=476"},"modified":"2011-12-20T13:07:57","modified_gmt":"2011-12-20T13:07:57","slug":"fe-x-planejamento","status":"publish","type":"post","link":"http:\/\/www.ibimperial.org.br\/home\/2011\/09\/26\/fe-x-planejamento\/","title":{"rendered":"F\u00e9 x Planejamento"},"content":{"rendered":"<div>\n<p id=\"internal-source-marker_0.9578686279710382\" dir=\"ltr\">AFINAL: DEVO TER F\u00c9 OU PLANEJAR?<\/p>\n<p dir=\"ltr\">Algumas vezes quando falamos em PLANEJAMENTO para o melhor andamento das atividades da igreja, ouvimos de algumas pessoas: \u201cComo algu\u00e9m pode pensar em Planejamento, quando a B\u00edblia diz que o justo vive da f\u00e9?!\u201d<\/p>\n<p dir=\"ltr\">\u00c9 verdade que a B\u00edblia \u00e9 o melhor manual de administra\u00e7\u00e3o da hist\u00f3ria da humanidade, agora: H\u00e1 conceitos equivocados sobre o que seja F\u00c9 e tamb\u00e9m sobre o que seja PLANEJAMENTO &#8211; ser\u00e1 por conta de alguns livros de auto-ajuda, que tentam nos confundir?-.<\/p>\n<p dir=\"ltr\">Uma das li\u00e7\u00f5es acerca disso, aparece no exemplo, simples, citado pelo Senhor Jesus, quando conta a par\u00e1bola das duas casas: Uma constru\u00edda por um homem \u201cinsensato\u201d e outra constru\u00edda por outro homem: \u201cprudente\u201d (Mateus 7:24-28).<\/p>\n<p dir=\"ltr\">O homem que edifica sua casa sem alicerces, certamente deveria acreditar que n\u00e3o precisava dedicar esfor\u00e7os no alicerce. Bastava-lhe levantar o pr\u00e9dio e poderia morar debaixo daquele telhado, que estaria devidamente protegido. Ele devia sentir-se cheio de f\u00e9 \u2013 mas era f\u00e9 em si mesmo (f\u00e9 de auto-ajuda) \u2013 e por isso n\u00e3o se dedicou \u00e0 prud\u00eancia,de modo que tentou ganhar tempo, tocar a obra em frente&#8230; E no que deu?<\/p>\n<p dir=\"ltr\">J\u00e1 o homem prudente \u00e9 capaz de \u2018desconfiar\u2019 que precisa de algo mais. Que sua intui\u00e7\u00e3o n\u00e3o \u00e9 suficiente. Que sua autoconfian\u00e7a n\u00e3o \u00e9 tudo, por isso dedica-se a edificar sobre a rocha.<\/p>\n<p dir=\"ltr\">F\u00e9, conforme a B\u00edblia n\u00e3o \u00e9 a autoconfian\u00e7a \u2013 \u201ctudo vai dar certo&#8230;e ponto final!\u201d. A f\u00e9, conforme a B\u00edblia, passa pela desconfian\u00e7a de que n\u00e3o posso confiar em mim mesmo. Logo, se desconfio, pe\u00e7o dire\u00e7\u00e3o a Deus e n\u00e3o preciso ter medo de Planejar segundo a dire\u00e7\u00e3o de Deus.<\/p>\n<p dir=\"ltr\">Da mesma forma: Planejar (ser prudente) n\u00e3o \u00e9 confiar em si mesmo \u2013 pelo contr\u00e1rio: \u00e9 desconfiar de si mesmo, pensar que se fizer \u201cde qualquer jeito\u201d, poder\u00e1 n\u00e3o ser o melhor jeito.<\/p>\n<p dir=\"ltr\">Ent\u00e3o: Algu\u00e9m pode planejar conforme suas pr\u00f3prias conveni\u00eancias, visando atingir seus pr\u00f3prios fins. Nesse caso seus planos ser\u00e3o frustrados. J\u00e1 outro planeja segundo a vontade de Deus: Cristo \u00e9 o seu alicerce: Esse descansa de Deus.<\/p>\n<\/div>\n<div>\u00a0Quem ora e coloca sua vida sob a dire\u00e7\u00e3o do Esp\u00edrito Santo de Deus n\u00e3o precisa ter medo nem de ter f\u00e9, nem de planejar. Pois \u00e9 Deus quem o dirige!<\/div>\n<div>Portanto, F\u00e9 e Planejamento n\u00e3o s\u00e3o inimigos. Desde que tanto um quanto o outro estejam fundamentados em Jesus<\/div>\n<div>Cristo, nossa Rocha Eterna!<br \/>\nAdiel Lages<br \/>\nAssessoria de Planejamento Estrat\u00e9gico \u2013 Igreja Batista Imperial.<\/div>\n<p>[youtube_sc url=http:\/\/www.youtube.com\/watch?v=CjjwI4VT0uc color=white]<\/p>\n<p>[youtube_sc url=http:\/\/www.youtube.com\/watch?v=cfDNOwyNB6A color=white theme=light]<\/p>\n<p>[youtube_sc url=http:\/\/www.youtube.com\/watch?v=QkXtRqVSlao theme=light]<\/p>\n<div id=\"fb-root\"><\/div><script src=\"http:\/\/connect.facebook.net\/en_US\/all.js#xfbml=1\"><\/script><!-- Do not remove -->","protected":false},"excerpt":{"rendered":"<p>AFINAL: DEVO TER F\u00c9 OU PLANEJAR? Algumas vezes quando falamos em PLANEJAMENTO para o melhor andamento das atividades da igreja, ouvimos de algumas pessoas: \u201cComo algu\u00e9m pode pensar em Planejamento, quando a B\u00edblia diz que o justo vive da f\u00e9?!\u201d \u00c9 verdade que a B\u00edblia \u00e9 o melhor manual de administra\u00e7\u00e3o da hist\u00f3ria da humanidade,&#8230;<\/p>\n","protected":false},"author":1,"featured_media":479,"comment_status":"closed","ping_status":"open","sticky":false,"template":"","format":"standard","meta":{"ngg_post_thumbnail":0,"_kadence_starter_templates_imported_post":false,"_kad_post_transparent":"","_kad_post_title":"","_kad_post_layout":"","_kad_post_sidebar_id":"","_kad_post_content_style":"","_kad_post_vertical_padding":"","_kad_post_feature":"","_kad_post_feature_position":"","_kad_post_header":false,"_kad_post_footer":false,"footnotes":""},"categories":[7,6],"tags":[],"class_list":["post-476","post","type-post","status-publish","format-standard","has-post-thumbnail","hentry","category-destaque","category-gallery"],"_links":{"self":[{"href":"http:\/\/www.ibimperial.org.br\/home\/wp-json\/wp\/v2\/posts\/476","targetHints":{"allow":["GET"]}}],"collection":[{"href":"http:\/\/www.ibimperial.org.br\/home\/wp-json\/wp\/v2\/posts"}],"about":[{"href":"http:\/\/www.ibimperial.org.br\/home\/wp-json\/wp\/v2\/types\/post"}],"author":[{"embeddable":true,"href":"http:\/\/www.ibimperial.org.br\/home\/wp-json\/wp\/v2\/users\/1"}],"replies":[{"embeddable":true,"href":"http:\/\/www.ibimperial.org.br\/home\/wp-json\/wp\/v2\/comments?post=476"}],"version-history":[{"count":13,"href":"http:\/\/www.ibimperial.org.br\/home\/wp-json\/wp\/v2\/posts\/476\/revisions"}],"predecessor-version":[{"id":478,"href":"http:\/\/www.ibimperial.org.br\/home\/wp-json\/wp\/v2\/posts\/476\/revisions\/478"}],"wp:featuredmedia":[{"embeddable":true,"href":"http:\/\/www.ibimperial.org.br\/home\/wp-json\/wp\/v2\/media\/479"}],"wp:attachment":[{"href":"http:\/\/www.ibimperial.org.br\/home\/wp-json\/wp\/v2\/media?parent=476"}],"wp:term":[{"taxonomy":"category","embeddable":true,"href":"http:\/\/www.ibimperial.org.br\/home\/wp-json\/wp\/v2\/categories?post=476"},{"taxonomy":"post_tag","embeddable":true,"href":"http:\/\/www.ibimperial.org.br\/home\/wp-json\/wp\/v2\/tags?post=476"}],"curies":[{"name":"wp","href":"https:\/\/api.w.org\/{rel}","templated":true}]}}