{"id":484,"date":"2011-10-02T11:44:14","date_gmt":"2011-10-02T11:44:14","guid":{"rendered":"http:\/\/www.ibimperial.org.br\/home\/?p=484"},"modified":"2011-12-20T13:33:50","modified_gmt":"2011-12-20T13:33:50","slug":"imperial-abencoa-recife","status":"publish","type":"post","link":"http:\/\/www.ibimperial.org.br\/home\/2011\/10\/02\/imperial-abencoa-recife\/","title":{"rendered":"A UNI\u00c3O QUE FAZ A DIFEREN\u00c7A"},"content":{"rendered":"<p align=\"justify\"><strong><span style=\"font-family: Arial;\">Em parceria com a JMN, Imperial inaugura comunidade terap\u00eautica em Recife.<\/span><\/strong><\/p>\n<p align=\"justify\">\u00a0<span class=\"Apple-style-span\" style=\"font-family: Arial;\">A Junta de Miss\u00f5es Nacionais e parceiros, viveram momentos de muita emo\u00e7\u00e3o, alegria e l\u00e1grimas, na \u00faltima quinta-feira, dia 29 de setembro, no culto de celebra\u00e7\u00e3o da inaugura\u00e7\u00e3o de duas Comunidades Terap\u00eauticas Cristol\u00e2ndia, na cidade de Paulista, aproximadamente a 16 Km de Recife \u2013 PE.<\/span><\/p>\n<p align=\"justify\">\u00a0<span class=\"Apple-style-span\" style=\"font-family: Arial;\">O cerimonial foi emocionante, com cerca de 50 pessoas presentes, entre eles l\u00edderes denominacionais, frutos do Projeto Desafio Jovem do Recife, 24 volunt\u00e1rios do Projeto Radicais Brasil no Recife, pastor Joel Bezerra, Conven\u00e7\u00e3o Batista de Pernambuco, pastor Marcos Azevedo, Coordenador Regional de Miss\u00f5es em Pernambuco, pastor Jesiel Andrade, Primeira Igreja Batista de Abreu e Lima e o pastor Jades Junior l\u00edder Igreja Batista Imperial, que cedeu a propriedade onde funcionar\u00e1 a CT. O evento foi o marco na uni\u00e3o dos batistas de Pernambuco em prol das pessoas em situa\u00e7\u00e3o de vulnerabilidade social no Estado.<\/span><\/p>\n<p align=\"justify\">\u00a0<span class=\"Apple-style-span\" style=\"font-family: Arial;\">&#8220;Avan\u00e7ar no combate \u00e0s drogas era um\u00a0<em>sonho, mas, hoje \u00e9 uma realidade.\u00a0<\/em><em>Aqui vamos trabalhar com muita dignidade e salvar vidas. Esse \u00e9 um gr\u00e3o no nosso deserto. \u00c9 o primeiro de muitos outros. Queremos que o Estado de Pernambuco entenda que estamos falando em restaura\u00e7\u00e3o de vidas daqueles s\u00e3o um problema para a sociedade.\u201d, concluiu o\u00a0<\/em>Pastor Joel Bezerra, presidente da CBPE.<\/span><\/p>\n<p align=\"justify\"><span style=\"font-family: Arial;\">Pastor Marcos Azevedo, coordenador regional de Miss\u00f5es Nacionais, agradeceu ao empenho de todos que contribu\u00edram para a concretiza\u00e7\u00e3o desse sonho, reconhecendo o amor dos batistas: &#8220;N\u00f3s podemos fazer uma grande obra em Nossa na\u00e7\u00e3o e o que acontecendo nesta data, \u00e9 a penas o primeiro passa de uma grande caminhada\u201d.<\/span><\/p>\n<p align=\"justify\">\u00a0<span style=\"font-family: Arial;\">Os batistas brasileiros, a Junta de Miss\u00f5es Nacionais, a Primeira Igreja Batista do Recife, a Igreja Batista Imperial, a Conven\u00e7\u00e3o Batista de Pernambuco e Desafio Jovem do Recife est\u00e3o de parab\u00e9ns, porque hoje n\u00f3s estamos inaugurando duas novas Comunidades Terap\u00eauticas Cristol\u00e2ndia, sendo uma para receber homens e a outra para receber mulheres. Cada Comunidade Terap\u00eautica ter\u00e1 capacidade de atender 30 pessoas, em situa\u00e7\u00e3o de\u00a0<\/span><a href=\"http:\/\/www.google.com.br\/search?hl=pt-BR&amp;rls=com.microsoft:en-US&amp;sa=X&amp;ei=_QeGTtWQGcrW0QGCjJD0Dw&amp;ved=0CCEQvwUoAQ&amp;q=vulnerabilidade&amp;spell=1\" target=\"_blank\"><span style=\"color: #000000; font-family: Arial;\">vulnerabilidade<\/span><\/a><span style=\"font-family: Arial;\">\u00a0social.<\/span><\/p>\n<p align=\"justify\">\u00a0<span class=\"Apple-style-span\" style=\"font-family: Arial;\">Queremos convocar todos para se envolver nessa grande obra de restaura\u00e7\u00e3o. Retirando as pessoas das ganhas de satan\u00e1s e trazendo para a maravilhosa luz que \u00e9 Cristo.<\/span><\/p>\n<p align=\"justify\">\u00a0<span class=\"Apple-style-span\" style=\"font-family: Arial;\">Fa\u00e7a voc\u00ea tamb\u00e9m parte desta obra! Invista em Miss\u00f5es Nacionais e transforme vidas. Entre em contato conosco, atrav\u00e9s do e-mail:\u00a0<a href=\"mailto:pambrasil@missoesnacionais.org.br\" target=\"_blank\">pambrasil@missoesnacionais.<wbr>org.br<\/wbr><\/a>\u00a0ou em um de nossos telefones: 4007-1075 (Capitais e Regi\u00f5es Metropolitanas) e 0800-7071818 (Demais Localidades).<\/span><\/p>\n<div id=\"fb-root\"><\/div><script src=\"http:\/\/connect.facebook.net\/en_US\/all.js#xfbml=1\"><\/script><!-- Do not remove -->","protected":false},"excerpt":{"rendered":"<p>Em parceria com a JMN, Imperial inaugura comunidade terap\u00eautica em Recife. \u00a0A Junta de Miss\u00f5es Nacionais e parceiros, viveram momentos de muita emo\u00e7\u00e3o, alegria e l\u00e1grimas, na \u00faltima quinta-feira, dia 29 de setembro, no culto de celebra\u00e7\u00e3o da inaugura\u00e7\u00e3o de duas Comunidades Terap\u00eauticas Cristol\u00e2ndia, na cidade de Paulista, aproximadamente a 16 Km de Recife \u2013&#8230;<\/p>\n","protected":false},"author":1,"featured_media":489,"comment_status":"closed","ping_status":"open","sticky":false,"template":"","format":"standard","meta":{"ngg_post_thumbnail":0,"_kadence_starter_templates_imported_post":false,"_kad_post_transparent":"","_kad_post_title":"","_kad_post_layout":"","_kad_post_sidebar_id":"","_kad_post_content_style":"","_kad_post_vertical_padding":"","_kad_post_feature":"","_kad_post_feature_position":"","_kad_post_header":false,"_kad_post_footer":false,"footnotes":""},"categories":[3,7,6],"tags":[],"class_list":["post-484","post","type-post","status-publish","format-standard","has-post-thumbnail","hentry","category-artigos","category-destaque","category-gallery"],"_links":{"self":[{"href":"http:\/\/www.ibimperial.org.br\/home\/wp-json\/wp\/v2\/posts\/484","targetHints":{"allow":["GET"]}}],"collection":[{"href":"http:\/\/www.ibimperial.org.br\/home\/wp-json\/wp\/v2\/posts"}],"about":[{"href":"http:\/\/www.ibimperial.org.br\/home\/wp-json\/wp\/v2\/types\/post"}],"author":[{"embeddable":true,"href":"http:\/\/www.ibimperial.org.br\/home\/wp-json\/wp\/v2\/users\/1"}],"replies":[{"embeddable":true,"href":"http:\/\/www.ibimperial.org.br\/home\/wp-json\/wp\/v2\/comments?post=484"}],"version-history":[{"count":7,"href":"http:\/\/www.ibimperial.org.br\/home\/wp-json\/wp\/v2\/posts\/484\/revisions"}],"predecessor-version":[{"id":488,"href":"http:\/\/www.ibimperial.org.br\/home\/wp-json\/wp\/v2\/posts\/484\/revisions\/488"}],"wp:featuredmedia":[{"embeddable":true,"href":"http:\/\/www.ibimperial.org.br\/home\/wp-json\/wp\/v2\/media\/489"}],"wp:attachment":[{"href":"http:\/\/www.ibimperial.org.br\/home\/wp-json\/wp\/v2\/media?parent=484"}],"wp:term":[{"taxonomy":"category","embeddable":true,"href":"http:\/\/www.ibimperial.org.br\/home\/wp-json\/wp\/v2\/categories?post=484"},{"taxonomy":"post_tag","embeddable":true,"href":"http:\/\/www.ibimperial.org.br\/home\/wp-json\/wp\/v2\/tags?post=484"}],"curies":[{"name":"wp","href":"https:\/\/api.w.org\/{rel}","templated":true}]}}